{"id":213,"date":"2010-09-16T12:49:57","date_gmt":"2010-09-16T15:49:57","guid":{"rendered":"http:\/\/www.planesdeautos.com.ar\/blog\/?p=213"},"modified":"2010-09-16T12:54:12","modified_gmt":"2010-09-16T15:54:12","slug":"strada-adventure-ahora-con-doble-cabina","status":"publish","type":"post","link":"https:\/\/www.planesdeautos.com.ar\/blog\/strada-adventure-ahora-con-doble-cabina\/","title":{"rendered":"Strada Adventure ahora con Doble cabina"},"content":{"rendered":"<p><a rel=\"attachment wp-att-215\" href=\"http:\/\/www.planesdeautos.com.ar\/blog\/strada-adventure-ahora-con-doble-cabina\/atras\/\"><img loading=\"lazy\" class=\"size-full wp-image-215 alignleft\" title=\"Strada Cabina Doble plaza trasera\" src=\"http:\/\/www.planesdeautos.com.ar\/blog\/wp-content\/uploads\/2010\/09\/atras.jpg\" alt=\"\" width=\"230\" height=\"154\" srcset=\"https:\/\/www.planesdeautos.com.ar\/blog\/wp-content\/uploads\/2010\/09\/atras.jpg 640w, https:\/\/www.planesdeautos.com.ar\/blog\/wp-content\/uploads\/2010\/09\/atras-450x300.jpg 450w\" sizes=\"(max-width: 230px) 100vw, 230px\" \/><\/a>Finalmente se lanz\u00f3 en Argentina la nueva Strada Adventure con Doble cabina, tambi\u00e9n incluye la nueva motorizaci\u00f3n E-TorQ de 1.6 16v. y con buen equipamiento de serie. Para ampliar la gama en este segmento, Fiat Argentina incluy\u00f3 una nueva versi\u00f3n que se suma a las ya existentes: Strada Working, Strada Trekking,\u00a0 Strada Adventure cabina extendida y ahora con Doble cabina.<\/p>\n<p>Planesdeautos estubo presnete en la presentaci\u00f3n que se realiz\u00f3 para la gente de Planes en Espacio Pilar, y tuvimos la posibilidad de realizar un test drive de este utilitario, le comentamos cual son los puntos fuertes y d\u00e9biles que observamos.<\/p>\n<p><!--more-->Este veh\u00edculo viene a crear un nuevo segmento donde un auto (Palio-Siena) se transforma en camioneta y con doble cabina; hasta ahora enexistente en el mercado local. Las prestaciones son muchas, dado que permite a 4 ocupantes dentro de habit\u00e1culo, esto a mas de una familia que le guste la aventura y las salidas, le va a encantar la nueva Strada.<\/p>\n<p><strong>Algunas fotos que pudimos tomar:<\/strong><\/p>\n<p><a rel=\"attachment wp-att-214\" href=\"http:\/\/www.planesdeautos.com.ar\/blog\/strada-adventure-ahora-con-doble-cabina\/cabina\/\"><img loading=\"lazy\" class=\"alignnone size-full wp-image-214\" title=\"Strada cabina doble\" src=\"http:\/\/www.planesdeautos.com.ar\/blog\/wp-content\/uploads\/2010\/09\/cabina.jpg\" alt=\"\" width=\"384\" height=\"292\" srcset=\"https:\/\/www.planesdeautos.com.ar\/blog\/wp-content\/uploads\/2010\/09\/cabina.jpg 640w, https:\/\/www.planesdeautos.com.ar\/blog\/wp-content\/uploads\/2010\/09\/cabina-450x342.jpg 450w\" sizes=\"(max-width: 384px) 100vw, 384px\" \/><\/a><\/p>\n<p><a rel=\"attachment wp-att-217\" href=\"http:\/\/www.planesdeautos.com.ar\/blog\/strada-adventure-ahora-con-doble-cabina\/caja\/\"><img loading=\"lazy\" class=\"alignnone size-full wp-image-217\" title=\"Caja Strada Doble Cabina\" src=\"http:\/\/www.planesdeautos.com.ar\/blog\/wp-content\/uploads\/2010\/09\/caja.jpg\" alt=\"\" width=\"384\" height=\"256\" srcset=\"https:\/\/www.planesdeautos.com.ar\/blog\/wp-content\/uploads\/2010\/09\/caja.jpg 640w, https:\/\/www.planesdeautos.com.ar\/blog\/wp-content\/uploads\/2010\/09\/caja-450x300.jpg 450w\" sizes=\"(max-width: 384px) 100vw, 384px\" \/><\/a><\/p>\n<p><a rel=\"attachment wp-att-218\" href=\"http:\/\/www.planesdeautos.com.ar\/blog\/strada-adventure-ahora-con-doble-cabina\/interior-3\/\"><img loading=\"lazy\" class=\"alignnone size-full wp-image-218\" title=\"interior\" src=\"http:\/\/www.planesdeautos.com.ar\/blog\/wp-content\/uploads\/2010\/09\/interior.jpg\" alt=\"\" width=\"384\" height=\"256\" srcset=\"https:\/\/www.planesdeautos.com.ar\/blog\/wp-content\/uploads\/2010\/09\/interior.jpg 640w, https:\/\/www.planesdeautos.com.ar\/blog\/wp-content\/uploads\/2010\/09\/interior-450x300.jpg 450w\" sizes=\"(max-width: 384px) 100vw, 384px\" \/><\/a><\/p>\n<p><a rel=\"attachment wp-att-221\" href=\"http:\/\/www.planesdeautos.com.ar\/blog\/strada-adventure-ahora-con-doble-cabina\/atras-2\/\"><img loading=\"lazy\" class=\"alignnone size-full wp-image-221\" title=\"Plazas de atr\u00e1s Strada\" src=\"http:\/\/www.planesdeautos.com.ar\/blog\/wp-content\/uploads\/2010\/09\/atras1.jpg\" alt=\"\" width=\"384\" height=\"256\" srcset=\"https:\/\/www.planesdeautos.com.ar\/blog\/wp-content\/uploads\/2010\/09\/atras1.jpg 640w, https:\/\/www.planesdeautos.com.ar\/blog\/wp-content\/uploads\/2010\/09\/atras1-450x300.jpg 450w\" sizes=\"(max-width: 384px) 100vw, 384px\" \/><\/a><\/p>\n<p><a rel=\"attachment wp-att-222\" href=\"http:\/\/www.planesdeautos.com.ar\/blog\/strada-adventure-ahora-con-doble-cabina\/tablero\/\"><img loading=\"lazy\" class=\"alignnone size-full wp-image-222\" title=\"tablero\" src=\"http:\/\/www.planesdeautos.com.ar\/blog\/wp-content\/uploads\/2010\/09\/tablero.jpg\" alt=\"\" width=\"384\" height=\"256\" srcset=\"https:\/\/www.planesdeautos.com.ar\/blog\/wp-content\/uploads\/2010\/09\/tablero.jpg 640w, https:\/\/www.planesdeautos.com.ar\/blog\/wp-content\/uploads\/2010\/09\/tablero-450x300.jpg 450w\" sizes=\"(max-width: 384px) 100vw, 384px\" \/><\/a><\/p>\n<p>Seg\u00fan nuestro punto de vista:<\/p>\n<p><span style=\"color: #008000;\"><strong>Punto fuertes:<\/strong><\/span><\/p>\n<p>&#8211; Muy lindo dise\u00f1o tanto interiro como exteriro<\/p>\n<p>&#8211; Est\u00e9tica agresiva y bien moderna<\/p>\n<p>&#8211; Buena estabilidad de manejo con excelente potencia y aceleraci\u00f3n<\/p>\n<p>-F\u00e1cil acceso a las plazas traseras<\/p>\n<p>&#8211; Buen nievel de seguridad para los 4 ocupantes<\/p>\n<p>&#8211; Barras de techo muy \u00fatiles<\/p>\n<p>&#8211; Buena visi\u00f3n del instrumental y completo equipamiento de serie<\/p>\n<p>&#8211; Desmonte de port\u00f3n trasero, muy \u00faltil para la carga<\/p>\n<p><span style=\"color: #ff0000;\"><strong>Puntos d\u00e9biles:<\/strong><\/span><\/p>\n<p>&#8211; Sie bien es una ventaja la plaza trasera, podr\u00eda ser un poco m\u00e1s amplia<\/p>\n<p>&#8211; Deber\u00eda traer la rueda de auxilio tambi\u00e9n de aleaci\u00f3n<\/p>\n<p>&#8211; Falta de portaobjetos interiores<\/p>\n<p>&#8211; Los vidrios traseros deber\u00edan abrir hacia afuera<\/p>\n<p>&#8211; Se redujo el espacio de carga para\u00a0 la caja<\/p>\n<p><span style=\"color: #808080;\"><br \/>\n<\/span><\/p>\n<p><span style=\"color: #808080;\">Agradecemos a la gente de Fiat Argentina por la invitaci\u00f3n y al concesionario Fiat Margian que nos proporcion\u00f3 el material publicado.<\/span><\/p>\n<div class='sfsi_Sicons' style='width: 100%; display: inline-block; vertical-align: middle; text-align:left'><div style='margin:0px 8px 0px 0px; line-height: 24px'><span>Seguinos en:<\/span><\/div><div class='sfsi_socialwpr'><div class='sf_fb' style='text-align:left;vertical-align: middle;width:98px'><div class=\"fb-like\" data-href=\"https:\/\/www.planesdeautos.com.ar\/blog\/strada-adventure-ahora-con-doble-cabina\/\" data-width=\"180\" data-send=\"false\" data-show-faces=\"false\"  data-action=\"like\" data-share=\"true\"data-layout=\"button\" ><\/div><\/div><div class='sf_twiter' style='text-align:left;float:left;vertical-align: middle;width:auto'><a href=\"http:\/\/twitter.com\/share\" data-count=\"none\" class=\"sr-twitter-button twitter-share-button\" lang=\"en\" data-url=\"https:\/\/www.planesdeautos.com.ar\/blog\/strada-adventure-ahora-con-doble-cabina\/\" data-text=\"Strada Adventure ahora con Doble cabina\" ><\/a><\/div><\/div><\/div><a class=\"addthis_button\" href=\"http:\/\/addthis.com\/bookmark.php?v=250\"><img src=\"http:\/\/s7.addthis.com\/static\/btn\/v2\/lg-share-en.gif\" width=\"125\" height=\"16\" alt=\"Bookmark and Share\" style=\"border:0\"\/><\/a><script type=\"text\/javascript\" src=\"http:\/\/s7.addthis.com\/js\/250\/addthis_widget.js\"><\/script>","protected":false},"excerpt":{"rendered":"<p>Finalmente se lanz\u00f3 en Argentina la nueva Strada Adventure con Doble cabina, tambi\u00e9n incluye la nueva motorizaci\u00f3n E-TorQ de 1.6 16v. y con buen equipamiento de serie. Para ampliar la gama en este segmento, Fiat Argentina incluy\u00f3 una nueva versi\u00f3n que se suma a las ya existentes: Strada Working, Strada Trekking,\u00a0 Strada Adventure cabina extendida &hellip; <\/p>\n<p class=\"link-more\"><a href=\"https:\/\/www.planesdeautos.com.ar\/blog\/strada-adventure-ahora-con-doble-cabina\/\" class=\"more-link\">Continuar leyendo<span class=\"screen-reader-text\"> \u00abStrada Adventure ahora con Doble cabina\u00bb<\/span><\/a><\/p>\n","protected":false},"author":1,"featured_media":0,"comment_status":"open","ping_status":"closed","sticky":false,"template":"","format":"standard","meta":[],"categories":[6],"tags":[31,188,41,39,40],"wppr_data":[],"_links":{"self":[{"href":"https:\/\/www.planesdeautos.com.ar\/blog\/wp-json\/wp\/v2\/posts\/213"}],"collection":[{"href":"https:\/\/www.planesdeautos.com.ar\/blog\/wp-json\/wp\/v2\/posts"}],"about":[{"href":"https:\/\/www.planesdeautos.com.ar\/blog\/wp-json\/wp\/v2\/types\/post"}],"author":[{"embeddable":true,"href":"https:\/\/www.planesdeautos.com.ar\/blog\/wp-json\/wp\/v2\/users\/1"}],"replies":[{"embeddable":true,"href":"https:\/\/www.planesdeautos.com.ar\/blog\/wp-json\/wp\/v2\/comments?post=213"}],"version-history":[{"count":5,"href":"https:\/\/www.planesdeautos.com.ar\/blog\/wp-json\/wp\/v2\/posts\/213\/revisions"}],"predecessor-version":[{"id":225,"href":"https:\/\/www.planesdeautos.com.ar\/blog\/wp-json\/wp\/v2\/posts\/213\/revisions\/225"}],"wp:attachment":[{"href":"https:\/\/www.planesdeautos.com.ar\/blog\/wp-json\/wp\/v2\/media?parent=213"}],"wp:term":[{"taxonomy":"category","embeddable":true,"href":"https:\/\/www.planesdeautos.com.ar\/blog\/wp-json\/wp\/v2\/categories?post=213"},{"taxonomy":"post_tag","embeddable":true,"href":"https:\/\/www.planesdeautos.com.ar\/blog\/wp-json\/wp\/v2\/tags?post=213"}],"curies":[{"name":"wp","href":"https:\/\/api.w.org\/{rel}","templated":true}]}}