{"id":437,"date":"2012-10-12T18:21:55","date_gmt":"2012-10-12T21:21:55","guid":{"rendered":"http:\/\/www.planesdeautos.com.ar\/blog\/?p=437"},"modified":"2012-10-12T19:12:44","modified_gmt":"2012-10-12T22:12:44","slug":"lanzamiento-fiat-grand-siena-argentina","status":"publish","type":"post","link":"https:\/\/www.planesdeautos.com.ar\/blog\/lanzamiento-fiat-grand-siena-argentina\/","title":{"rendered":"Lanzamiento oficial del Fiat Grand Siena en Argentina"},"content":{"rendered":"<p><a href=\"http:\/\/www.planesdeautos.com.ar\/blog\/wp-content\/uploads\/2012\/10\/fiat-grand-siena.jpg\"><img loading=\"lazy\" class=\"alignleft  wp-image-438\" title=\"fiat-grand-siena\" src=\"http:\/\/www.planesdeautos.com.ar\/blog\/wp-content\/uploads\/2012\/10\/fiat-grand-siena-450x337.jpg\" alt=\"Nuevo Fiat Grand Siena\" width=\"360\" height=\"270\" srcset=\"https:\/\/www.planesdeautos.com.ar\/blog\/wp-content\/uploads\/2012\/10\/fiat-grand-siena-450x337.jpg 450w, https:\/\/www.planesdeautos.com.ar\/blog\/wp-content\/uploads\/2012\/10\/fiat-grand-siena.jpg 1024w\" sizes=\"(max-width: 360px) 100vw, 360px\" \/><\/a><\/p>\n<p>Ya es oficial, la fecha prevista para el esperado lanzamiento de <strong>Fiat Grand Siena<\/strong> es el d\u00eda 25 de Octubre donde ser\u00e1 el \u00abopen door\u00bb (puertas abiertas) para que se pueda ver en las concesionarias del pa\u00eds.<\/p>\n<p>Se habilitar\u00e1n varias unidades en los concesionarios para realizar<strong><em> test drive<\/em><\/strong> y obtener el material promocional, tambi\u00e9n ser\u00e1 apoyado por campa\u00f1as promocionales en los medios durante los pr\u00f3ximo d\u00edas. El valor de venta de arranque? Si, muy competitivo para su segmento, $84.200 para la versi\u00f3n Attractive; $88.500 para la Essence y $93.900 para la Essence con caja autom\u00e1tica Dualogic.<\/p>\n<p>Las\u00a0dimensiones de este modelo son mayores, dado que es sobre una nueva plataforma, tambi\u00e9n gana espacio en el ba\u00fal logrando unos 530 dm3 siendo el de mayor capacidad del segmento.<\/p>\n<p>&nbsp;<\/p>\n<p><!--more--><\/p>\n<p><a href=\"http:\/\/www.planesdeautos.com.ar\/blog\/wp-content\/uploads\/2012\/10\/baul-fiatGrandSiena.jpg\"><img loading=\"lazy\" class=\"alignnone size-medium wp-image-439\" title=\"baul-fiatGrandSiena\" src=\"http:\/\/www.planesdeautos.com.ar\/blog\/wp-content\/uploads\/2012\/10\/baul-fiatGrandSiena-450x253.jpg\" alt=\"\" width=\"450\" height=\"253\" srcset=\"https:\/\/www.planesdeautos.com.ar\/blog\/wp-content\/uploads\/2012\/10\/baul-fiatGrandSiena-450x253.jpg 450w, https:\/\/www.planesdeautos.com.ar\/blog\/wp-content\/uploads\/2012\/10\/baul-fiatGrandSiena.jpg 592w\" sizes=\"(max-width: 450px) 100vw, 450px\" \/><\/a><\/p>\n<p>El <strong>Grand Siena se ofrece en tres versiones con dos opciones de motorizaci\u00f3n<\/strong>:<\/p>\n<ul>\n<li>Attractive 1.4 Evo de 85 CV<\/li>\n<li>Essence 1.6 E-Torq de 115 CV<\/li>\n<li>Essence 1.6 E-Torq de 115 CV Dulaogic<\/li>\n<\/ul>\n<p><span style=\"text-decoration: underline;\">El equipamiento de serie en todas las versiones incluye<\/span>:<\/p>\n<ul>\n<li>Aire acondicionado<\/li>\n<li>Direcci\u00f3n asistida<\/li>\n<li>Alarma antirrobo<\/li>\n<li>Llave tipo navaja con telecomando y apertura de ba\u00fal<\/li>\n<li>Alzacristales el\u00e9ctricos delanteros<\/li>\n<li>Cierre centralizado de puertas autom\u00e1tico a 20Km\/h<\/li>\n<li>Espejos retrovisores con comando interior<\/li>\n<li>Faros antiniebla delanteros<\/li>\n<li>Tercera luz de stop<\/li>\n<li>Radio AM\/FM con CD player, MP3 y entrada auxiliar<\/li>\n<li>Computadora de a bordo multifunci\u00f3n con Trip B<\/li>\n<li>Apertura de ba\u00fal el\u00e9ctrica con Logo Push<\/li>\n<li>Porta-anteojos<\/li>\n<\/ul>\n<div><a href=\"http:\/\/www.planesdeautos.com.ar\/blog\/wp-content\/uploads\/2012\/10\/Tablero-fiatGrandSiena.jpg\"><img loading=\"lazy\" class=\"alignnone size-medium wp-image-440\" title=\"Tablero-fiatGrandSiena\" src=\"http:\/\/www.planesdeautos.com.ar\/blog\/wp-content\/uploads\/2012\/10\/Tablero-fiatGrandSiena-450x250.jpg\" alt=\"\" width=\"450\" height=\"250\" srcset=\"https:\/\/www.planesdeautos.com.ar\/blog\/wp-content\/uploads\/2012\/10\/Tablero-fiatGrandSiena-450x250.jpg 450w, https:\/\/www.planesdeautos.com.ar\/blog\/wp-content\/uploads\/2012\/10\/Tablero-fiatGrandSiena.jpg 630w\" sizes=\"(max-width: 450px) 100vw, 450px\" \/><\/a><\/div>\n<p>Algunos valores de Opcionales<\/p>\n<table width=\"667\" border=\"0\" cellspacing=\"0\" cellpadding=\"0\">\n<tbody>\n<tr>\n<td valign=\"bottom\" nowrap=\"nowrap\" width=\"360\"><strong>Opcionales GRAND SIENA<\/strong><\/td>\n<td valign=\"top\" width=\"76\">\n<p align=\"center\"><strong>Versi\u00f3n<\/strong><\/p>\n<\/td>\n<td nowrap=\"nowrap\" width=\"151\">\n<p align=\"center\"><strong>Precio p\u00fablico sugerido <\/strong>(en $ IVA incluido)<\/p>\n<\/td>\n<td width=\"80\"><\/td>\n<\/tr>\n<tr>\n<td valign=\"bottom\" nowrap=\"nowrap\" width=\"360\">Pack Top (218+431)<\/td>\n<td valign=\"bottom\" width=\"76\">Attractive<\/td>\n<td valign=\"bottom\" nowrap=\"nowrap\" width=\"151\">\n<p align=\"center\">1.900<\/p>\n<\/td>\n<td width=\"80\"><\/td>\n<\/tr>\n<tr>\n<td valign=\"bottom\" nowrap=\"nowrap\" width=\"360\">Pack Top + Seguridad (218+431+4MR)<\/td>\n<td valign=\"bottom\" width=\"76\">Attractive<\/td>\n<td valign=\"bottom\" nowrap=\"nowrap\" width=\"151\">\n<p align=\"center\">6.100<\/p>\n<\/td>\n<td width=\"80\"><\/td>\n<\/tr>\n<tr>\n<td valign=\"bottom\" nowrap=\"nowrap\" width=\"360\">Llantas de aleaci\u00f3n (431)<\/td>\n<td valign=\"bottom\" width=\"76\">Attractive<\/td>\n<td valign=\"bottom\" nowrap=\"nowrap\" width=\"151\">\n<p align=\"center\">1.300<\/p>\n<\/td>\n<td width=\"80\"><\/td>\n<\/tr>\n<tr>\n<td valign=\"bottom\" nowrap=\"nowrap\" width=\"360\">Pack Emotion (023+508+4MR)<\/td>\n<td valign=\"bottom\" width=\"76\">Essence<\/td>\n<td valign=\"bottom\" nowrap=\"nowrap\" width=\"151\">\n<p align=\"center\">5.200<\/p>\n<\/td>\n<td width=\"80\"><\/td>\n<\/tr>\n<tr>\n<td valign=\"bottom\" nowrap=\"nowrap\" width=\"360\">Pack High Tech (023+508+4MR+245+47Y+717)<\/td>\n<td valign=\"bottom\" width=\"76\">Essence<\/td>\n<td valign=\"bottom\" nowrap=\"nowrap\" width=\"151\">\n<p align=\"center\">7.900<\/p>\n<\/td>\n<td width=\"80\"><\/td>\n<\/tr>\n<tr>\n<td valign=\"bottom\" nowrap=\"nowrap\" width=\"360\">Sensores de lluvia y crepuscular + espejo retrovisor electrocr\u00f3mico (47Y)<\/td>\n<td valign=\"bottom\" width=\"76\">Essence<\/td>\n<td valign=\"bottom\" nowrap=\"nowrap\" width=\"151\">\n<p align=\"center\">1.800<\/p>\n<\/td>\n<td width=\"80\"><\/td>\n<\/tr>\n<tr>\n<td valign=\"bottom\" nowrap=\"nowrap\" width=\"360\">Airbags laterales (505)<\/td>\n<td valign=\"bottom\" width=\"76\">Essence<\/td>\n<td valign=\"bottom\" nowrap=\"nowrap\" width=\"151\">\n<p align=\"center\">2.800<\/p>\n<\/td>\n<td width=\"80\"><\/td>\n<\/tr>\n<tr>\n<td valign=\"bottom\" nowrap=\"nowrap\" width=\"360\">Pintura Metalizada (210)<\/td>\n<td valign=\"bottom\" width=\"76\">Todas<\/td>\n<td valign=\"bottom\" nowrap=\"nowrap\" width=\"151\">\n<p align=\"center\">420<\/p>\n<\/td>\n<td width=\"80\"><\/td>\n<\/tr>\n<\/tbody>\n<\/table>\n<p><a href=\"http:\/\/youtu.be\/1q4FHOBnczc\">Video lanzamiento Nuevo Fiat Grand Siena<\/a><br \/>\n<object width=\"560\" height=\"315\" classid=\"clsid:d27cdb6e-ae6d-11cf-96b8-444553540000\" codebase=\"http:\/\/download.macromedia.com\/pub\/shockwave\/cabs\/flash\/swflash.cab#version=6,0,40,0\"><param name=\"allowFullScreen\" value=\"true\" \/><param name=\"allowscriptaccess\" value=\"always\" \/><param name=\"src\" value=\"http:\/\/www.youtube.com\/v\/1q4FHOBnczc?version=3&amp;hl=es_ES\" \/><param name=\"allowfullscreen\" value=\"true\" \/><embed width=\"560\" height=\"315\" type=\"application\/x-shockwave-flash\" src=\"http:\/\/www.youtube.com\/v\/1q4FHOBnczc?version=3&amp;hl=es_ES\" allowFullScreen=\"true\" allowscriptaccess=\"always\" allowfullscreen=\"true\" \/><\/object><\/p>\n<p>&nbsp;<\/p>\n<div class='sfsi_Sicons' style='width: 100%; display: inline-block; vertical-align: middle; text-align:left'><div style='margin:0px 8px 0px 0px; line-height: 24px'><span>Seguinos en:<\/span><\/div><div class='sfsi_socialwpr'><div class='sf_fb' style='text-align:left;vertical-align: middle;width:98px'><div class=\"fb-like\" data-href=\"https:\/\/www.planesdeautos.com.ar\/blog\/lanzamiento-fiat-grand-siena-argentina\/\" data-width=\"180\" data-send=\"false\" data-show-faces=\"false\"  data-action=\"like\" data-share=\"true\"data-layout=\"button\" ><\/div><\/div><div class='sf_twiter' style='text-align:left;float:left;vertical-align: middle;width:auto'><a href=\"http:\/\/twitter.com\/share\" data-count=\"none\" class=\"sr-twitter-button twitter-share-button\" lang=\"en\" data-url=\"https:\/\/www.planesdeautos.com.ar\/blog\/lanzamiento-fiat-grand-siena-argentina\/\" data-text=\"Lanzamiento oficial del Fiat Grand Siena en Argentina\" ><\/a><\/div><\/div><\/div><a class=\"addthis_button\" href=\"http:\/\/addthis.com\/bookmark.php?v=250\"><img src=\"http:\/\/s7.addthis.com\/static\/btn\/v2\/lg-share-en.gif\" width=\"125\" height=\"16\" alt=\"Bookmark and Share\" style=\"border:0\"\/><\/a><script type=\"text\/javascript\" src=\"http:\/\/s7.addthis.com\/js\/250\/addthis_widget.js\"><\/script>","protected":false},"excerpt":{"rendered":"<p>Ya es oficial el lanzamiento del nuevo Fiat Grand Siena en Argentina, pronto disponible en los concesionarios en sus 3 versiones, Attractive, Essence, y Essence Dualogic. <\/p>\n","protected":false},"author":1,"featured_media":438,"comment_status":"open","ping_status":"closed","sticky":false,"template":"","format":"standard","meta":[],"categories":[6],"tags":[188,78,106,107,47],"wppr_data":[],"_links":{"self":[{"href":"https:\/\/www.planesdeautos.com.ar\/blog\/wp-json\/wp\/v2\/posts\/437"}],"collection":[{"href":"https:\/\/www.planesdeautos.com.ar\/blog\/wp-json\/wp\/v2\/posts"}],"about":[{"href":"https:\/\/www.planesdeautos.com.ar\/blog\/wp-json\/wp\/v2\/types\/post"}],"author":[{"embeddable":true,"href":"https:\/\/www.planesdeautos.com.ar\/blog\/wp-json\/wp\/v2\/users\/1"}],"replies":[{"embeddable":true,"href":"https:\/\/www.planesdeautos.com.ar\/blog\/wp-json\/wp\/v2\/comments?post=437"}],"version-history":[{"count":7,"href":"https:\/\/www.planesdeautos.com.ar\/blog\/wp-json\/wp\/v2\/posts\/437\/revisions"}],"predecessor-version":[{"id":444,"href":"https:\/\/www.planesdeautos.com.ar\/blog\/wp-json\/wp\/v2\/posts\/437\/revisions\/444"}],"wp:featuredmedia":[{"embeddable":true,"href":"https:\/\/www.planesdeautos.com.ar\/blog\/wp-json\/wp\/v2\/media\/438"}],"wp:attachment":[{"href":"https:\/\/www.planesdeautos.com.ar\/blog\/wp-json\/wp\/v2\/media?parent=437"}],"wp:term":[{"taxonomy":"category","embeddable":true,"href":"https:\/\/www.planesdeautos.com.ar\/blog\/wp-json\/wp\/v2\/categories?post=437"},{"taxonomy":"post_tag","embeddable":true,"href":"https:\/\/www.planesdeautos.com.ar\/blog\/wp-json\/wp\/v2\/tags?post=437"}],"curies":[{"name":"wp","href":"https:\/\/api.w.org\/{rel}","templated":true}]}}