{"id":810,"date":"2016-07-06T11:12:18","date_gmt":"2016-07-06T14:12:18","guid":{"rendered":"http:\/\/www.planesdeautos.com.ar\/blog\/?p=810"},"modified":"2016-07-06T11:15:48","modified_gmt":"2016-07-06T14:15:48","slug":"hyundai-grand-santa-fe","status":"publish","type":"post","link":"https:\/\/www.planesdeautos.com.ar\/blog\/hyundai-grand-santa-fe\/","title":{"rendered":"Hyundai lanza las nuevas Hyundai Santa Fe y Grand Santa Fe"},"content":{"rendered":"<h2><span style=\"color: #ff6600;\">Hyundai lanza las nuevas Hyundai Santa Fe y Grand Santa Fe.<\/span><\/h2>\n<ul>\n<li><em>Ya se encuentran a la venta las nuevas SUV de <\/em><em>Hyundai Santa Fe y Grand Santa Fe<\/em><\/li>\n<li><em>Por primera vez se ofrece la Grand Santa Fe en Argentina<\/em><\/li>\n<li><em>Ambas son parte de SUV4ALL, junto con Creta y Tucson<\/em><\/li>\n<li><em>Presentan<\/em> <em>mejoras en tecnolog\u00eda, motores, seguridad y dise\u00f1o<\/em><\/li>\n<\/ul>\n<p><em>\u00a0<img loading=\"lazy\" class=\"alignnone wp-image-617\" src=\"http:\/\/www.autosencuotas.com.ar\/blog\/wp-content\/uploads\/2016\/07\/Grand-Santa-Fe-850x478.jpg\" alt=\"Grand Santa Fe\" width=\"640\" height=\"360\" \/><\/em><\/p>\n<p>Hyundai Motor Argentina lanz\u00f3 oficialmente al mercado sus nuevas SUV tope de gama, la Santa Fe y la Grand Santa Fe. Fabricadas en Corea del Sur, llegan a la Argentina con distintas configuraciones para satisfacer las m\u00e1s exigentes necesidades.<br \/>\nLa nueva Santa Fe, con m\u00e1s de 6.000 unidades comercializadas y siendo el tercer veh\u00edculo m\u00e1s vendido de la marca en el pa\u00eds, actualiza el modelo presentado a fines del 2013. Presenta mejoras en su dise\u00f1o exterior, destac\u00e1ndose la nueva parrilla e iluminaci\u00f3n LED, y tambi\u00e9n ofrece importantes novedades, como la incorporaci\u00f3n del sistema Drive Mode que permite configurar los modos de conducci\u00f3n en normal, sport y economy. Respecto a los motores hay dos opciones: el mejorado naftero 2,4lts de 172CV y el Turbodi\u00e9sel 2,2lts de 200CV. Se ofrece en versiones con tracci\u00f3n 4&#215;2 y 4&#215;4, y capacidad para 5 o 7 pasajeros.<br \/>\n<img loading=\"lazy\" class=\"alignnone wp-image-618\" src=\"http:\/\/www.autosencuotas.com.ar\/blog\/wp-content\/uploads\/2016\/07\/Grand-Santa-Fe2-850x478.jpg\" alt=\"Hyundai Santa Fe\" width=\"640\" height=\"360\" \/><\/p>\n<p>En relaci\u00f3n a la generaci\u00f3n anterior, recibi\u00f3 cambios en las \u00f3pticas delanteras y traseras, paragolpes, parrilla, llantas de aleaci\u00f3n, escapes, neum\u00e1ticos rango H (210 km\/h) y DRL led. Adem\u00e1s posee una nueva direcci\u00f3n asistida el\u00e9ctrica, un seteo especial de suspensi\u00f3n (espirales, amortiguadores, barra estabilizadora) y la segunda fila de asientos con m\u00e1s recorrido deslizante (255mm a 270mm).<\/p>\n<p>Sobre las versiones anteriores se incorpora el siguiente equipamiento:<\/p>\n<p><strong>4&#215;2<\/strong><br \/>\n-Pantalla touch de 8 pulgadas con DVD, CD, navegaci\u00f3n, radio, bluetooth.<\/p>\n<p>-C\u00e1mara de retroceso.<\/p>\n<p>-Climatizador.<\/p>\n<p>-Bandeja cubre equipaje.<\/p>\n<p>-MT: aviso de cambio de marcha<br \/>\n<strong>4&#215;4<\/strong><\/p>\n<p>Pantalla touch de 8 pulgadas con DVD, CD, navegaci\u00f3n, radio, bluetooth.<\/p>\n<p>Acceso sin llave (smart key) con bot\u00f3n de arranque.<\/p>\n<p>Sensores de estacionamiento delanteros.<\/p>\n<p>Tablero supervision cluster (LCD color).<\/p>\n<p>Bandeja cubre equipaje (Ver. 7 asientos).<\/p>\n<p>L\u00f3gica de cierre techo el\u00e9ctrico.<br \/>\n<strong>Grand Santa Fe<\/strong><br \/>\nTras el puntapi\u00e9 inicial que realiz\u00f3 la Veracruz en el segmento de los SUV grandes, llega por primera vez a la Argentina la Grand Santa Fe, el nuevo buque insignia de Hyundai en el pa\u00eds. Se comercializa en una sola versi\u00f3n con motor Turbodi\u00e9sel 2,2lts de 200CV, 4WD, caja autom\u00e1tica de seis velocidades y capacidad para siete pasajeros. Siendo 21 cent\u00edmetros m\u00e1s larga que la Santa Fe, ofrece una mejor habitabilidad y nuevos detalles de dise\u00f1o como las nuevas \u00f3pticas delanteras y traseras, paragolpes, parrilla, y llantas de aleaci\u00f3n. Entre su equipamiento destacado se encuentran las luces de xen\u00f3n con lavafaros, asientos el\u00e9ctricos delanteros calefaccionados y ventilados (con memoria para el del conductor), asientos traseros calefaccionados, freno de estacionamiento el\u00e9ctrico y port\u00f3n trasero el\u00e9ctrico.<br \/>\n<strong>Precios<\/strong><\/p>\n<p>Santa Fe 2.4 2WD GL 7P 6MT (F\/L 2016) \u2013 52.000 d\u00f3lares<\/p>\n<p>Santa Fe 2.4 2WD GL 7P 6AT (F\/L 2016) &#8211; 53.500 d\u00f3lares<\/p>\n<p>Santa Fe 2.4 4WD GLS 5P 6AT Full Premium (F\/L 2016) &#8211; 62.500 d\u00f3lares<\/p>\n<p>Santa Fe 2.4 4WD GLS 7P 6AT Full Premium (F\/L 2016) &#8211; 64.500 d\u00f3lares<\/p>\n<p>Santa Fe 2.2 CRDI 4WD GLS 7P 6AT Full Prem. (F\/L 2016) &#8211; 69.900 d\u00f3lares<\/p>\n<p>Grand Santa Fe 2.2 CRDI 4WD GLS 7P 6AT Full Premium &#8211; 75.000 d\u00f3lares<br \/>\nGrand Santa Fe 2.2 CRDI 4WD GLS 7P 6AT Full Premium c\/Nav &#8211; 76.500 d\u00f3lares<\/p>\n<p><a href=\"http:\/\/prensa.hyundai.com.ar\/2016\/GacetillaSantaFeyGrandSantaFe\/Ficha-t%e9cnica-Hyundai-Santa-Fe-2016.pdf\">Descargar Ficha t\u00e9cnica<\/a><\/p>\n<div id='gallery-1' class='gallery galleryid-810 gallery-columns-5 gallery-size-thumbnail'><figure class='gallery-item'>\n\t\t\t<div class='gallery-icon landscape'>\n\t\t\t\t<a href='https:\/\/www.planesdeautos.com.ar\/blog\/hyundai-grand-santa-fe\/grand-santa-fe\/'><img width=\"150\" height=\"150\" src=\"https:\/\/www.planesdeautos.com.ar\/blog\/wp-content\/uploads\/2016\/07\/Grand-Santa-Fe-150x150.jpg\" class=\"attachment-thumbnail size-thumbnail\" alt=\"Grand Santa Fe\" loading=\"lazy\" srcset=\"https:\/\/www.planesdeautos.com.ar\/blog\/wp-content\/uploads\/2016\/07\/Grand-Santa-Fe-150x150.jpg 150w, https:\/\/www.planesdeautos.com.ar\/blog\/wp-content\/uploads\/2016\/07\/Grand-Santa-Fe-144x144.jpg 144w\" sizes=\"100vw\" \/><\/a>\n\t\t\t<\/div><\/figure><figure class='gallery-item'>\n\t\t\t<div class='gallery-icon landscape'>\n\t\t\t\t<a href='https:\/\/www.planesdeautos.com.ar\/blog\/hyundai-grand-santa-fe\/grand-santa-fe2\/'><img width=\"150\" height=\"150\" src=\"https:\/\/www.planesdeautos.com.ar\/blog\/wp-content\/uploads\/2016\/07\/Grand-Santa-Fe2-150x150.jpg\" class=\"attachment-thumbnail size-thumbnail\" alt=\"\" loading=\"lazy\" srcset=\"https:\/\/www.planesdeautos.com.ar\/blog\/wp-content\/uploads\/2016\/07\/Grand-Santa-Fe2-150x150.jpg 150w, https:\/\/www.planesdeautos.com.ar\/blog\/wp-content\/uploads\/2016\/07\/Grand-Santa-Fe2-144x144.jpg 144w\" sizes=\"100vw\" \/><\/a>\n\t\t\t<\/div><\/figure><figure class='gallery-item'>\n\t\t\t<div class='gallery-icon landscape'>\n\t\t\t\t<a href='https:\/\/www.planesdeautos.com.ar\/blog\/hyundai-grand-santa-fe\/grand-santa-fe3\/'><img width=\"150\" height=\"150\" src=\"https:\/\/www.planesdeautos.com.ar\/blog\/wp-content\/uploads\/2016\/07\/Grand-Santa-Fe3-150x150.jpg\" class=\"attachment-thumbnail size-thumbnail\" alt=\"\" loading=\"lazy\" srcset=\"https:\/\/www.planesdeautos.com.ar\/blog\/wp-content\/uploads\/2016\/07\/Grand-Santa-Fe3-150x150.jpg 150w, https:\/\/www.planesdeautos.com.ar\/blog\/wp-content\/uploads\/2016\/07\/Grand-Santa-Fe3-144x144.jpg 144w\" sizes=\"100vw\" \/><\/a>\n\t\t\t<\/div><\/figure><figure class='gallery-item'>\n\t\t\t<div class='gallery-icon landscape'>\n\t\t\t\t<a href='https:\/\/www.planesdeautos.com.ar\/blog\/hyundai-grand-santa-fe\/grand-santa-fe4\/'><img width=\"150\" height=\"150\" src=\"https:\/\/www.planesdeautos.com.ar\/blog\/wp-content\/uploads\/2016\/07\/Grand-Santa-Fe4-150x150.jpg\" class=\"attachment-thumbnail size-thumbnail\" alt=\"\" loading=\"lazy\" srcset=\"https:\/\/www.planesdeautos.com.ar\/blog\/wp-content\/uploads\/2016\/07\/Grand-Santa-Fe4-150x150.jpg 150w, https:\/\/www.planesdeautos.com.ar\/blog\/wp-content\/uploads\/2016\/07\/Grand-Santa-Fe4-144x144.jpg 144w\" sizes=\"100vw\" \/><\/a>\n\t\t\t<\/div><\/figure><figure class='gallery-item'>\n\t\t\t<div class='gallery-icon landscape'>\n\t\t\t\t<a href='https:\/\/www.planesdeautos.com.ar\/blog\/hyundai-grand-santa-fe\/grand-santa-fe5\/'><img width=\"150\" height=\"150\" src=\"https:\/\/www.planesdeautos.com.ar\/blog\/wp-content\/uploads\/2016\/07\/Grand-Santa-Fe5-150x150.jpg\" class=\"attachment-thumbnail size-thumbnail\" alt=\"\" loading=\"lazy\" srcset=\"https:\/\/www.planesdeautos.com.ar\/blog\/wp-content\/uploads\/2016\/07\/Grand-Santa-Fe5-150x150.jpg 150w, https:\/\/www.planesdeautos.com.ar\/blog\/wp-content\/uploads\/2016\/07\/Grand-Santa-Fe5-144x144.jpg 144w\" sizes=\"100vw\" \/><\/a>\n\t\t\t<\/div><\/figure><figure class='gallery-item'>\n\t\t\t<div class='gallery-icon landscape'>\n\t\t\t\t<a href='https:\/\/www.planesdeautos.com.ar\/blog\/hyundai-grand-santa-fe\/hw103938\/'><img width=\"150\" height=\"150\" src=\"https:\/\/www.planesdeautos.com.ar\/blog\/wp-content\/uploads\/2016\/07\/hw103938-150x150.jpg\" class=\"attachment-thumbnail size-thumbnail\" alt=\"\" loading=\"lazy\" srcset=\"https:\/\/www.planesdeautos.com.ar\/blog\/wp-content\/uploads\/2016\/07\/hw103938-150x150.jpg 150w, https:\/\/www.planesdeautos.com.ar\/blog\/wp-content\/uploads\/2016\/07\/hw103938-144x144.jpg 144w\" sizes=\"100vw\" \/><\/a>\n\t\t\t<\/div><\/figure><figure class='gallery-item'>\n\t\t\t<div class='gallery-icon landscape'>\n\t\t\t\t<a href='https:\/\/www.planesdeautos.com.ar\/blog\/hyundai-grand-santa-fe\/hw103939\/'><img width=\"150\" height=\"150\" src=\"https:\/\/www.planesdeautos.com.ar\/blog\/wp-content\/uploads\/2016\/07\/hw103939-150x150.jpg\" class=\"attachment-thumbnail size-thumbnail\" alt=\"\" loading=\"lazy\" srcset=\"https:\/\/www.planesdeautos.com.ar\/blog\/wp-content\/uploads\/2016\/07\/hw103939-150x150.jpg 150w, https:\/\/www.planesdeautos.com.ar\/blog\/wp-content\/uploads\/2016\/07\/hw103939-144x144.jpg 144w\" sizes=\"100vw\" \/><\/a>\n\t\t\t<\/div><\/figure><figure class='gallery-item'>\n\t\t\t<div class='gallery-icon landscape'>\n\t\t\t\t<a href='https:\/\/www.planesdeautos.com.ar\/blog\/hyundai-grand-santa-fe\/hw103942\/'><img width=\"150\" height=\"150\" src=\"https:\/\/www.planesdeautos.com.ar\/blog\/wp-content\/uploads\/2016\/07\/hw103942-150x150.jpg\" class=\"attachment-thumbnail size-thumbnail\" alt=\"\" loading=\"lazy\" srcset=\"https:\/\/www.planesdeautos.com.ar\/blog\/wp-content\/uploads\/2016\/07\/hw103942-150x150.jpg 150w, https:\/\/www.planesdeautos.com.ar\/blog\/wp-content\/uploads\/2016\/07\/hw103942-144x144.jpg 144w\" sizes=\"100vw\" \/><\/a>\n\t\t\t<\/div><\/figure><figure class='gallery-item'>\n\t\t\t<div class='gallery-icon landscape'>\n\t\t\t\t<a href='https:\/\/www.planesdeautos.com.ar\/blog\/hyundai-grand-santa-fe\/interior-santafe\/'><img width=\"150\" height=\"150\" src=\"https:\/\/www.planesdeautos.com.ar\/blog\/wp-content\/uploads\/2016\/07\/Interior-santafe-150x150.jpg\" class=\"attachment-thumbnail size-thumbnail\" alt=\"\" loading=\"lazy\" srcset=\"https:\/\/www.planesdeautos.com.ar\/blog\/wp-content\/uploads\/2016\/07\/Interior-santafe-150x150.jpg 150w, https:\/\/www.planesdeautos.com.ar\/blog\/wp-content\/uploads\/2016\/07\/Interior-santafe-144x144.jpg 144w\" sizes=\"100vw\" \/><\/a>\n\t\t\t<\/div><\/figure><figure class='gallery-item'>\n\t\t\t<div class='gallery-icon landscape'>\n\t\t\t\t<a href='https:\/\/www.planesdeautos.com.ar\/blog\/hyundai-grand-santa-fe\/santafe_interior_trim_black_eu_2014_2nd\/'><img width=\"150\" height=\"150\" src=\"https:\/\/www.planesdeautos.com.ar\/blog\/wp-content\/uploads\/2016\/07\/SANTAFE_INTERIOR_TRIM_BLACK_EU_2014_2nd-150x150.jpg\" class=\"attachment-thumbnail size-thumbnail\" alt=\"\" loading=\"lazy\" srcset=\"https:\/\/www.planesdeautos.com.ar\/blog\/wp-content\/uploads\/2016\/07\/SANTAFE_INTERIOR_TRIM_BLACK_EU_2014_2nd-150x150.jpg 150w, https:\/\/www.planesdeautos.com.ar\/blog\/wp-content\/uploads\/2016\/07\/SANTAFE_INTERIOR_TRIM_BLACK_EU_2014_2nd-144x144.jpg 144w\" sizes=\"100vw\" \/><\/a>\n\t\t\t<\/div><\/figure>\n\t\t<\/div>\n\n<p>Fuente: Prensa Hyundai Motor Argentina<\/p>\n<p>&nbsp;<\/p>\n<p>&nbsp;<\/p>\n<p>&nbsp;<\/p>\n<div class='sfsi_Sicons' style='width: 100%; display: inline-block; vertical-align: middle; text-align:left'><div style='margin:0px 8px 0px 0px; line-height: 24px'><span>Seguinos en:<\/span><\/div><div class='sfsi_socialwpr'><div class='sf_fb' style='text-align:left;vertical-align: middle;width:98px'><div class=\"fb-like\" data-href=\"https:\/\/www.planesdeautos.com.ar\/blog\/hyundai-grand-santa-fe\/\" data-width=\"180\" data-send=\"false\" data-show-faces=\"false\"  data-action=\"like\" data-share=\"true\"data-layout=\"button\" ><\/div><\/div><div class='sf_twiter' style='text-align:left;float:left;vertical-align: middle;width:auto'><a href=\"http:\/\/twitter.com\/share\" data-count=\"none\" class=\"sr-twitter-button twitter-share-button\" lang=\"en\" data-url=\"https:\/\/www.planesdeautos.com.ar\/blog\/hyundai-grand-santa-fe\/\" data-text=\"Hyundai lanza las nuevas Hyundai Santa Fe y Grand Santa Fe\" ><\/a><\/div><\/div><\/div><a class=\"addthis_button\" href=\"http:\/\/addthis.com\/bookmark.php?v=250\"><img src=\"http:\/\/s7.addthis.com\/static\/btn\/v2\/lg-share-en.gif\" width=\"125\" height=\"16\" alt=\"Bookmark and Share\" style=\"border:0\"\/><\/a><script type=\"text\/javascript\" src=\"http:\/\/s7.addthis.com\/js\/250\/addthis_widget.js\"><\/script>","protected":false},"excerpt":{"rendered":"<p>Hyundai lanza las nuevas Hyundai Santa Fe y Grand Santa Fe. Ya se encuentran a la venta las nuevas SUV de Hyundai Santa Fe y Grand Santa Fe Por primera vez se ofrece la Grand Santa Fe en Argentina Ambas son parte de SUV4ALL, junto con Creta y Tucson Presentan mejoras en tecnolog\u00eda, motores, seguridad &hellip; <\/p>\n<p class=\"link-more\"><a href=\"https:\/\/www.planesdeautos.com.ar\/blog\/hyundai-grand-santa-fe\/\" class=\"more-link\">Continuar leyendo<span class=\"screen-reader-text\"> \u00abHyundai lanza las nuevas Hyundai Santa Fe y Grand Santa Fe\u00bb<\/span><\/a><\/p>\n","protected":false},"author":1,"featured_media":0,"comment_status":"open","ping_status":"closed","sticky":false,"template":"","format":"standard","meta":[],"categories":[1],"tags":[180,182,181],"wppr_data":[],"_links":{"self":[{"href":"https:\/\/www.planesdeautos.com.ar\/blog\/wp-json\/wp\/v2\/posts\/810"}],"collection":[{"href":"https:\/\/www.planesdeautos.com.ar\/blog\/wp-json\/wp\/v2\/posts"}],"about":[{"href":"https:\/\/www.planesdeautos.com.ar\/blog\/wp-json\/wp\/v2\/types\/post"}],"author":[{"embeddable":true,"href":"https:\/\/www.planesdeautos.com.ar\/blog\/wp-json\/wp\/v2\/users\/1"}],"replies":[{"embeddable":true,"href":"https:\/\/www.planesdeautos.com.ar\/blog\/wp-json\/wp\/v2\/comments?post=810"}],"version-history":[{"count":4,"href":"https:\/\/www.planesdeautos.com.ar\/blog\/wp-json\/wp\/v2\/posts\/810\/revisions"}],"predecessor-version":[{"id":824,"href":"https:\/\/www.planesdeautos.com.ar\/blog\/wp-json\/wp\/v2\/posts\/810\/revisions\/824"}],"wp:attachment":[{"href":"https:\/\/www.planesdeautos.com.ar\/blog\/wp-json\/wp\/v2\/media?parent=810"}],"wp:term":[{"taxonomy":"category","embeddable":true,"href":"https:\/\/www.planesdeautos.com.ar\/blog\/wp-json\/wp\/v2\/categories?post=810"},{"taxonomy":"post_tag","embeddable":true,"href":"https:\/\/www.planesdeautos.com.ar\/blog\/wp-json\/wp\/v2\/tags?post=810"}],"curies":[{"name":"wp","href":"https:\/\/api.w.org\/{rel}","templated":true}]}}